{"id":114,"date":"2024-04-01T21:23:05","date_gmt":"2024-04-01T18:23:05","guid":{"rendered":"https:\/\/yalitim.ustalar.com\/?p=114"},"modified":"2024-04-01T21:44:04","modified_gmt":"2024-04-01T18:44:04","slug":"bina-perde-su-yalitimi-nedir","status":"publish","type":"post","link":"https:\/\/yalitim.ustalar.com\/?p=114","title":{"rendered":"B\u0130NA PERDE SU YALITIMI NED\u0130R?"},"content":{"rendered":"\n<p><strong>Bina perde su yal\u0131t\u0131mlar\u0131<\/strong>&nbsp;g\u00fcn\u00fcm\u00fczde son derecede tercih edilip ayn\u0131 zamanda yap\u0131m a\u015famalar\u0131n\u0131n d\u00fczg\u00fcn olmas\u0131 gereken bir su yal\u0131t\u0131m t\u00fcr\u00fcd\u00fcr.&nbsp;<strong>Bina perde su yal\u0131t\u0131mlar\u0131<\/strong>&nbsp;genel olarak dikkat edilmesi gereken ilk nokta binalar\u0131n temeline bak\u0131lmas\u0131 gerekmektedir.<\/p>\n\n\n\n<p>Burada \u00f6nemli olan kilit nokta bu i\u015flemlerin yap\u0131labilmesi i\u00e7in y\u00fcksek \u00e7\u00f6z\u00fcn\u00fcrde kaliteli malzemelerin kullan\u0131lmas\u0131, kaliteli d\u00fczg\u00fcn \u00e7al\u0131\u015fanlar\u0131n olmas\u0131 ve ne kadar s\u00fcrede bitece\u011fidir. Bina perde su yal\u0131t\u0131m\u0131n\u0131n yap\u0131m a\u015famalar\u0131 \u00e7ok zor ve emek isteyen bir s\u00fcre\u00e7tir. \u00c7ok k\u0131sa s\u00fcrede bitmeyece\u011finden dolay\u0131 da hataya kesinlikle yer verilmemesi gerekir.<\/p>\n\n\n\n<p>Ve \u00e7ok dikkatli bir \u015fekilde i\u015flemlerin s\u0131rayla yap\u0131lmas\u0131 gerekmektedir. Binalar\u0131n temelinin dayan\u0131kl\u0131 ve sa\u011flam bir hal almas\u0131 i\u00e7in genel olarak bina perde su yal\u0131t\u0131m\u0131 uygulanmaktad\u0131r. Binalara bina perde su yal\u0131t\u0131m\u0131 uygulanarak gereken \u0131s\u0131 y\u00f6ntemlerinin uygulanmas\u0131 y\u00f6n\u00fcnden hem de binalar\u0131n temelinde beton genel olarak i\u015flev g\u00f6rd\u00fc\u011f\u00fc i\u00e7in uygulanmas\u0131 do\u011fru olan bir y\u00f6ntem olacakt\u0131r.<\/p>\n\n\n\n<p>Bina perde su yal\u0131t\u0131mlar\u0131 iyi bir \u015fekilde yap\u0131lmaz ise daha sonra binalarda sorun ya\u015fanmaya devam edilecektir. Binalar\u0131n sa\u011flaml\u0131\u011f\u0131 a\u00e7\u0131s\u0131ndan ve insan sa\u011fl\u0131\u011f\u0131 i\u00e7in bina perde su yal\u0131t\u0131m\u0131 her binada olmas\u0131 gereken, her insan\u0131n yapt\u0131rmas\u0131 genel olarak \u015fart olan bir y\u00f6ntem t\u00fcr\u00fcd\u00fcr.<\/p>\n\n\n\n<p><strong>Bina Perde Su Yal\u0131t\u0131m\u0131 Nas\u0131l Uygulan\u0131r?<\/strong><\/p>\n\n\n\n<p><strong>Bina perde su yal\u0131t\u0131m\u0131<\/strong>&nbsp;binalarda olduk\u00e7a kullan\u0131\u015fl\u0131 bir etkiye sahiptir. Son derece kullan\u0131\u015fl\u0131 olan bina perde su yal\u0131t\u0131m\u0131 genel olarak dayan\u0131kl\u0131 bir yap\u0131ya sahiptir. Temel perde su yal\u0131t\u0131m\u0131n\u0131n yap\u0131labilmesi i\u00e7in \u00f6ncelikli olarak binalar\u0131n temelin at\u0131lmas\u0131 gerekmektedir. Daha sonra ise binaya perde y\u00f6ntemi uygulanmaktad\u0131r.<\/p>\n\n\n\n<p><strong>Bina perde su yal\u0131t\u0131m\u0131nda<\/strong>&nbsp;genel olarak kullan\u0131lan y\u00f6ntem&nbsp;<strong>poli\u00fcretan spreyin<\/strong>&nbsp;kullan\u0131larak yap\u0131lmas\u0131 ile olu\u015fmaktad\u0131r. Poli\u00fcretan sprey kullan\u0131larak binalarda perde su yal\u0131t\u0131m\u0131 en uygun \u015fekilde tamamlanmaktad\u0131r. Son derece etkili ve ayn\u0131 zamanda da kullan\u0131m a\u00e7\u0131s\u0131ndan uzun \u00f6m\u00fcrl\u00fc bir yap\u0131ya sahip su yal\u0131t\u0131m\u0131d\u0131r.<\/p>\n\n\n\n<p><strong>Bina Perde Su Yal\u0131t\u0131m\u0131nda Temelde Su \u0130zolasyonu Nas\u0131l Ger\u00e7ekle\u015fir?<\/strong><\/p>\n\n\n\n<p>Bina perde su yal\u0131t\u0131m\u0131nda temel su izolasyonu b\u00fcy\u00fck \u00f6nem ta\u015f\u0131maktad\u0131r. Binalar\u0131n alt\u0131ndaki kanalizasyon sular\u0131n\u0131n binay\u0131 \u00e7\u00fcr\u00fctmesini ve hasar vermesini \u00f6nlemek amac\u0131yla yerin alt\u0131na yani binan\u0131n temeline su izolasyonu uygulanmaktad\u0131r.<\/p>\n\n\n\n<p>B\u00f6ylece binalar daha sa\u011flam bir hale gelerek betonlar\u0131n \u00e7\u00fcr\u00fcmesini ve zarar g\u00f6rmesini \u00f6nleyen bir yal\u0131t\u0131m sistemi modelidir.&nbsp; Bu su yal\u0131t\u0131m modelinde kullan\u0131lan malzemelerin kaliteli\u011fi ve yal\u0131t\u0131m\u0131 ger\u00e7ekle\u015ftiren i\u015f\u00e7ilik kalitesi de \u00e7ok \u00f6nemlidir. \u0130nsan sa\u011fl\u0131\u011f\u0131na uygun malzemeler kullanarak suyun y\u00fckseldi\u011fi yere kadar su yal\u0131t\u0131m\u0131 uygulanmal\u0131d\u0131r.<\/p>\n\n\n\n<p><strong>Bina Perde Su Yal\u0131t\u0131m\u0131 \u00c7e\u015fitleri<\/strong><\/p>\n\n\n\n<p><strong>Bina perde su yal\u0131t\u0131mlar\u0131n\u0131n<\/strong>&nbsp;bir\u00e7ok \u00e7e\u015fidi bulunmaktad\u0131r. Bina perde su yal\u0131t\u0131m\u0131 \u00e7e\u015fitlerine bakacak olur isek e\u011fer,<\/p>\n\n\n\n<p><strong>1.Perde ve duvar \u0131s\u0131 yal\u0131t\u0131m\u0131<\/strong><\/p>\n\n\n\n<p>Bu y\u00f6ntem daha \u00e7ok bina altlar\u0131nda kullan\u0131lmaya ba\u015flanm\u0131\u015f bir modeldir. Olduk\u00e7a aktif bir \u015fekilde kullan\u0131p tercih edilen bir modeldir. Ayn\u0131 zamanda da genellikle otoparklarda tercih edilir. Hem kapal\u0131 hem de a\u00e7\u0131k otoparklarda kullan\u0131l\u0131r.<\/p>\n\n\n\n<p><strong>2.Temel su ve \u0131s\u0131 yal\u0131t\u0131m\u0131<\/strong><\/p>\n\n\n\n<p><strong>Temel su ve \u0131s\u0131 yal\u0131t\u0131m\u0131&nbsp;<\/strong>genel olarak membran \u00e7al\u0131\u015fmalar\u0131yla yap\u0131labilmektedir. Ya temelin zeminine ya da zemin alt\u0131na beton d\u00f6k\u00fclerek uygulanan bir \u0131s\u0131 yal\u0131t\u0131m t\u00fcr\u00fcd\u00fcr. Yap\u0131lacak i\u015flemlerde uygulanan malzemelerin ve kullan\u0131lan betonun kalitesi son derece \u00f6nemlidir.<\/p>\n\n\n\n<ol class=\"wp-block-list\" start=\"3\">\n<li><strong>Drenaj \u00c7al\u0131\u015fmas\u0131<\/strong><\/li>\n<\/ol>\n\n\n\n<p>Binalarda uygulanan ya da binan\u0131n etraf\u0131na uygulanacak olan&nbsp;<strong>drenaj hatt\u0131<\/strong>&nbsp;sayesinde genel olarak su sorunu \u00e7\u00f6z\u00fclmektedir. Su yal\u0131t\u0131m\u0131 yap\u0131lsa bile zamanla hasar alacakt\u0131r. En etkili \u00e7\u00f6z\u00fcmlerden biridir.<\/p>\n\n\n\n<p><strong>4.Boh\u00e7alama \u00c7al\u0131\u015fmas\u0131<\/strong><\/p>\n\n\n\n<p><strong>Boh\u00e7alama su yal\u0131t\u0131m\u0131<\/strong>\u00a0sayesinde binaya su girmemesi sa\u011flanarak su yal\u0131t\u0131m\u0131 uygulanm\u0131\u015f ve sa\u011flanm\u0131\u015f olur. Bu da \u00e7ok s\u0131k kullan\u0131lan bir su yal\u0131t\u0131m \u00e7e\u015fididir.<\/p>\n\n\n\n<ul class=\"wp-block-list\">\n<li><strong><em>TEVS\u0130YE ED\u0130LEN \u00dcR\u00dcNLER\u0130M\u0130Z <\/em><\/strong><\/li>\n<\/ul>\n\n\n<div class=\"wp-block-image\">\n<figure class=\"alignleft size-full is-resized\"><a href=\"https:\/\/shop.ustalar.com\/index.php?route=product\/product&amp;product_id=21\"><img loading=\"lazy\" decoding=\"async\" width=\"315\" height=\"300\" src=\"https:\/\/yalitim.ustalar.com\/wp-content\/uploads\/2024\/04\/548735746-IMG_3351_emilkote.jpg.webp\" alt=\"\" class=\"wp-image-127\" style=\"width:226px;height:auto\" srcset=\"https:\/\/yalitim.ustalar.com\/wp-content\/uploads\/2024\/04\/548735746-IMG_3351_emilkote.jpg.webp 315w, https:\/\/yalitim.ustalar.com\/wp-content\/uploads\/2024\/04\/548735746-IMG_3351_emilkote.jpg-300x286.webp 300w\" sizes=\"auto, (max-width: 315px) 100vw, 315px\" \/><\/a><figcaption class=\"wp-element-caption\"><strong>\u00dcR\u00dcN KOD :UST-BYM 030 <br>B\u0130T\u00dcM EM\u00dcLS\u0130YONU<\/strong> <br><strong>NET :4,5 KG<\/strong><\/figcaption><\/figure>\n<\/div>","protected":false},"excerpt":{"rendered":"<p>Bina perde su yal\u0131t\u0131mlar\u0131&nbsp;g\u00fcn\u00fcm\u00fczde son derecede tercih edilip ayn\u0131 zamanda yap\u0131m a\u015famalar\u0131n\u0131n d\u00fczg\u00fcn olmas\u0131 gereken bir su yal\u0131t\u0131m t\u00fcr\u00fcd\u00fcr.&nbsp;Bina perde su yal\u0131t\u0131mlar\u0131&nbsp;genel olarak dikkat edilmesi gereken ilk nokta binalar\u0131n temeline bak\u0131lmas\u0131 gerekmektedir. Burada \u00f6nemli olan kilit nokta bu i\u015flemlerin yap\u0131labilmesi i\u00e7in y\u00fcksek \u00e7\u00f6z\u00fcn\u00fcrde kaliteli malzemelerin kullan\u0131lmas\u0131, kaliteli d\u00fczg\u00fcn \u00e7al\u0131\u015fanlar\u0131n olmas\u0131 ve ne kadar s\u00fcrede bitece\u011fidir. [&hellip;]<\/p>\n","protected":false},"author":1,"featured_media":115,"comment_status":"open","ping_status":"open","sticky":false,"template":"","format":"standard","meta":{"footnotes":""},"categories":[9,7,12,8,13,11,15,14,16,10],"tags":[],"class_list":["post-114","post","type-post","status-publish","format-standard","has-post-thumbnail","hentry","category-asfalt-ve-katran-esasli-yalitim-malzemeleri","category-bitumlu-likit-su-yalitim-malzemeleri","category-cimento-esasli-yalitim-malzemeleri","category-derz-dolgu-ve-sizdirmazlik-malzemeleri","category-guclendirme-tamir-ve-enjeksiyon-malzemeleri","category-harc-katkilari-ve-kur-malzemeleri","category-renkli-ve-seffaf-su-yalitim-malzemeleri","category-su-yalitim-membranlari","category-yardimci-urunler","category-yol-tamir-ve-bakim-urunleri"],"_links":{"self":[{"href":"https:\/\/yalitim.ustalar.com\/index.php?rest_route=\/wp\/v2\/posts\/114","targetHints":{"allow":["GET"]}}],"collection":[{"href":"https:\/\/yalitim.ustalar.com\/index.php?rest_route=\/wp\/v2\/posts"}],"about":[{"href":"https:\/\/yalitim.ustalar.com\/index.php?rest_route=\/wp\/v2\/types\/post"}],"author":[{"embeddable":true,"href":"https:\/\/yalitim.ustalar.com\/index.php?rest_route=\/wp\/v2\/users\/1"}],"replies":[{"embeddable":true,"href":"https:\/\/yalitim.ustalar.com\/index.php?rest_route=%2Fwp%2Fv2%2Fcomments&post=114"}],"version-history":[{"count":6,"href":"https:\/\/yalitim.ustalar.com\/index.php?rest_route=\/wp\/v2\/posts\/114\/revisions"}],"predecessor-version":[{"id":132,"href":"https:\/\/yalitim.ustalar.com\/index.php?rest_route=\/wp\/v2\/posts\/114\/revisions\/132"}],"wp:featuredmedia":[{"embeddable":true,"href":"https:\/\/yalitim.ustalar.com\/index.php?rest_route=\/wp\/v2\/media\/115"}],"wp:attachment":[{"href":"https:\/\/yalitim.ustalar.com\/index.php?rest_route=%2Fwp%2Fv2%2Fmedia&parent=114"}],"wp:term":[{"taxonomy":"category","embeddable":true,"href":"https:\/\/yalitim.ustalar.com\/index.php?rest_route=%2Fwp%2Fv2%2Fcategories&post=114"},{"taxonomy":"post_tag","embeddable":true,"href":"https:\/\/yalitim.ustalar.com\/index.php?rest_route=%2Fwp%2Fv2%2Ftags&post=114"}],"curies":[{"name":"wp","href":"https:\/\/api.w.org\/{rel}","templated":true}]}}